{"id":2806,"date":"2020-08-26T10:08:47","date_gmt":"2020-08-26T10:08:47","guid":{"rendered":"http:\/\/www.thiery.fr\/?p=2806"},"modified":"2020-08-26T10:11:12","modified_gmt":"2020-08-26T10:11:12","slug":"important-fermeture-de-la-route","status":"publish","type":"post","link":"https:\/\/www.thiery.fr\/?p=2806","title":{"rendered":"Important! Route barr\u00e9e le 03\/09\/2020"},"content":{"rendered":"<p><span style=\"color: #ff0000;\"><strong>La route RD 226 entre Villars sur Var et Thiery sera ferm\u00e9e \u00e0 la circulation le jeudi 3 septembre 2020 au PR 7+800 de 8h30 \u00e0 12h et de 13h \u00e0 16h30 pour cause de travaux.<\/strong><\/span><\/p>\n<p>&nbsp;<\/p>\n","protected":false},"excerpt":{"rendered":"<p>La route RD 226 entre Villars sur Var et Thiery sera ferm\u00e9e \u00e0 la circulation le jeudi 3 septembre 2020 au PR 7+800 de 8h30 \u00e0 12h et de 13h \u00e0 16h30 pour cause de travaux. &nbsp;<\/p>\n","protected":false},"author":1,"featured_media":0,"comment_status":"closed","ping_status":"open","sticky":true,"template":"","format":"standard","meta":{"footnotes":""},"categories":[1],"tags":[],"class_list":["post-2806","post","type-post","status-publish","format-standard","hentry","category-non-classe"],"_links":{"self":[{"href":"https:\/\/www.thiery.fr\/index.php?rest_route=\/wp\/v2\/posts\/2806","targetHints":{"allow":["GET"]}}],"collection":[{"href":"https:\/\/www.thiery.fr\/index.php?rest_route=\/wp\/v2\/posts"}],"about":[{"href":"https:\/\/www.thiery.fr\/index.php?rest_route=\/wp\/v2\/types\/post"}],"author":[{"embeddable":true,"href":"https:\/\/www.thiery.fr\/index.php?rest_route=\/wp\/v2\/users\/1"}],"replies":[{"embeddable":true,"href":"https:\/\/www.thiery.fr\/index.php?rest_route=%2Fwp%2Fv2%2Fcomments&post=2806"}],"version-history":[{"count":2,"href":"https:\/\/www.thiery.fr\/index.php?rest_route=\/wp\/v2\/posts\/2806\/revisions"}],"predecessor-version":[{"id":2808,"href":"https:\/\/www.thiery.fr\/index.php?rest_route=\/wp\/v2\/posts\/2806\/revisions\/2808"}],"wp:attachment":[{"href":"https:\/\/www.thiery.fr\/index.php?rest_route=%2Fwp%2Fv2%2Fmedia&parent=2806"}],"wp:term":[{"taxonomy":"category","embeddable":true,"href":"https:\/\/www.thiery.fr\/index.php?rest_route=%2Fwp%2Fv2%2Fcategories&post=2806"},{"taxonomy":"post_tag","embeddable":true,"href":"https:\/\/www.thiery.fr\/index.php?rest_route=%2Fwp%2Fv2%2Ftags&post=2806"}],"curies":[{"name":"wp","href":"https:\/\/api.w.org\/{rel}","templated":true}]}}